{"id":70219,"date":"2026-04-25T17:54:24","date_gmt":"2026-04-25T15:54:24","guid":{"rendered":"https:\/\/koiquestion.com\/geert-schrijvers-vince-il-titolo-di-gran-campione-a-dellitalian-koi-show-2026"},"modified":"2026-04-25T17:54:24","modified_gmt":"2026-04-25T15:54:24","slug":"geert-schrijvers-vince-il-titolo-di-gran-campione-a-dellitalian-koi-show-2026","status":"publish","type":"post","link":"https:\/\/koiquestion.com\/it\/geert-schrijvers-vince-il-titolo-di-gran-campione-a-dellitalian-koi-show-2026","title":{"rendered":"Geert Schrijvers vince il titolo di Gran Campione A dell&#8217;Italian Koi Show 2026"},"content":{"rendered":"<h2 style=\"text-align: center;\">Dainichi -&gt; Odakan -&gt; KoiPage -&gt; Geert Schrijvers<\/h2>\n<p>Geert Schrijvers \u00e8 venuto, ha visto e conquistato. Dai Paesi Bassi ha portato a Cremona le sue Koi giapponesi. Il suo barile ha conquistato il primato con il Gran Campione A, il Gran Campione B e il Campione Supremo A. Questo non significa che negli altri barili non ci sia nuoto di qualit\u00e0, anzi. In generale, il livello dell&#8217;Italian Koi Show \u00e8 stato migliore e pi\u00f9 costante in quasi tutte le classi rispetto agli anni precedenti. Discuteremo con voi di tutte queste classi maggiori; per ora, voglio soffermarmi sul Gran Campione dell&#8217;Italian Koi Show 2026.    <\/p>\n<figure id=\"attachment_70166\" aria-describedby=\"caption-attachment-70166\" style=\"width: 1000px\" class=\"wp-caption aligncenter\"><img fetchpriority=\"high\" decoding=\"async\" class=\"size-full wp-image-70166\" src=\"https:\/\/koiquestion.com\/wp-content\/uploads\/2026\/04\/WhatsApp-Image-2026-04-25-at-14.50.11.jpeg\" alt=\"Gran campione Kohaku Geert Schrijvers Italian Koi Show 2026\" width=\"1000\" height=\"1600\" srcset=\"https:\/\/koiquestion.com\/wp-content\/uploads\/2026\/04\/WhatsApp-Image-2026-04-25-at-14.50.11.jpeg 1000w, https:\/\/koiquestion.com\/wp-content\/uploads\/2026\/04\/WhatsApp-Image-2026-04-25-at-14.50.11-500x800.jpeg 500w, https:\/\/koiquestion.com\/wp-content\/uploads\/2026\/04\/WhatsApp-Image-2026-04-25-at-14.50.11-700x1120.jpeg 700w, https:\/\/koiquestion.com\/wp-content\/uploads\/2026\/04\/WhatsApp-Image-2026-04-25-at-14.50.11-960x1536.jpeg 960w, https:\/\/koiquestion.com\/wp-content\/uploads\/2026\/04\/WhatsApp-Image-2026-04-25-at-14.50.11-150x240.jpeg 150w, https:\/\/koiquestion.com\/wp-content\/uploads\/2026\/04\/WhatsApp-Image-2026-04-25-at-14.50.11-450x720.jpeg 450w, https:\/\/koiquestion.com\/wp-content\/uploads\/2026\/04\/WhatsApp-Image-2026-04-25-at-14.50.11-768x1229.jpeg 768w, https:\/\/koiquestion.com\/wp-content\/uploads\/2026\/04\/WhatsApp-Image-2026-04-25-at-14.50.11-125x200.jpeg 125w\" sizes=\"(max-width: 1000px) 100vw, 1000px\" \/><figcaption id=\"caption-attachment-70166\" class=\"wp-caption-text\">Gran campione <abbr class='c2c-text-hover' title='witte Koi met rode patronen'>Kohaku<\/abbr> Geert Schrijvers Italian Koi Show 2026<\/figcaption><\/figure>\n<p>La <abbr class='c2c-text-hover' title='witte Koi met rode patronen'>Kohaku<\/abbr> proveniente dalla <abbr class='c2c-text-hover' title='Een van de meest gerenommeerde farms in Japan van de Mano familie'>Dainichi Koi Farm<\/abbr> misurava quasi 90 cm al momento della sua comparsa sulla scena a Cremona, in Italia. A sette anni, un <abbr class='c2c-text-hover' title='witte Koi met rode patronen'>Kohaku<\/abbr> che pu\u00f2 raggiungere un picco di qualit\u00e0. Ne parliamo con Siebe di The KoiPage che ha selezionato il pesce da Odakan, un allevatore e commerciante giapponese che aveva precedentemente acquistato la Koi dai fratelli Mano della zona di <abbr class='c2c-text-hover' title='Japans district dat wordt gezien als de bakermat van de Koi'>Niigata<\/abbr>. La Koi era una promessa della linea di sangue <abbr class='c2c-text-hover' title='witte Koi met rode patronen'>Kohaku<\/abbr>, all&#8217;epoca nel 2023.   <\/p>\n<p><img decoding=\"async\" class=\"aligncenter size-full wp-image-70184\" src=\"https:\/\/koiquestion.com\/wp-content\/uploads\/2026\/04\/WhatsApp-Image-2026-04-25-at-17.13.15.jpeg\" alt=\"\" width=\"1536\" height=\"2048\" srcset=\"https:\/\/koiquestion.com\/wp-content\/uploads\/2026\/04\/WhatsApp-Image-2026-04-25-at-17.13.15.jpeg 1536w, https:\/\/koiquestion.com\/wp-content\/uploads\/2026\/04\/WhatsApp-Image-2026-04-25-at-17.13.15-500x667.jpeg 500w, https:\/\/koiquestion.com\/wp-content\/uploads\/2026\/04\/WhatsApp-Image-2026-04-25-at-17.13.15-700x933.jpeg 700w, https:\/\/koiquestion.com\/wp-content\/uploads\/2026\/04\/WhatsApp-Image-2026-04-25-at-17.13.15-1152x1536.jpeg 1152w, https:\/\/koiquestion.com\/wp-content\/uploads\/2026\/04\/WhatsApp-Image-2026-04-25-at-17.13.15-150x200.jpeg 150w, https:\/\/koiquestion.com\/wp-content\/uploads\/2026\/04\/WhatsApp-Image-2026-04-25-at-17.13.15-450x600.jpeg 450w, https:\/\/koiquestion.com\/wp-content\/uploads\/2026\/04\/WhatsApp-Image-2026-04-25-at-17.13.15-1200x1600.jpeg 1200w, https:\/\/koiquestion.com\/wp-content\/uploads\/2026\/04\/WhatsApp-Image-2026-04-25-at-17.13.15-768x1024.jpeg 768w\" sizes=\"(max-width: 1536px) 100vw, 1536px\" \/><\/p>\n<p>Ho riconosciuto la Koi perch\u00e9 nell&#8217;autunno del 2025 nuotava ancora a Odakan nella vasca interna. Siebe mi ha confermato questo sospetto. La Koi era stata messa fuori nel <abbr class='c2c-text-hover' title='natuurlijke opgroeivijver'>mudpound<\/abbr> gli anni precedenti, ma quest&#8217;ultimo anno era stata deliberatamente tenuta dentro per lavorare sui <abbr class='c2c-text-hover' title='rood pigment'>beni<\/abbr>. Lo scorso marzo, la Koi \u00e8 arrivata nei Paesi Bassi e per molto tempo non si \u00e8 saputo se il pesce sarebbe stato abbastanza in forma per partecipare a un&#8217;esposizione in Italia, che richiede il trasporto. Si \u00e8 rivelata in forma e vitale e pronta per l&#8217;esposizione. Una scelta che si \u00e8 rivelata azzeccata per l&#8217;hobbista olandese di punta, che negli ultimi anni ha suscitato un certo clamore in patria e all&#8217;estero.     <\/p>\n<p><img decoding=\"async\" class=\"aligncenter size-full wp-image-70193\" src=\"https:\/\/koiquestion.com\/wp-content\/uploads\/2026\/04\/WhatsApp-Image-2026-04-25-at-17.47.16.jpeg\" alt=\"\" width=\"2048\" height=\"1536\" srcset=\"https:\/\/koiquestion.com\/wp-content\/uploads\/2026\/04\/WhatsApp-Image-2026-04-25-at-17.47.16.jpeg 2048w, https:\/\/koiquestion.com\/wp-content\/uploads\/2026\/04\/WhatsApp-Image-2026-04-25-at-17.47.16-500x375.jpeg 500w, https:\/\/koiquestion.com\/wp-content\/uploads\/2026\/04\/WhatsApp-Image-2026-04-25-at-17.47.16-700x525.jpeg 700w, https:\/\/koiquestion.com\/wp-content\/uploads\/2026\/04\/WhatsApp-Image-2026-04-25-at-17.47.16-1536x1152.jpeg 1536w, https:\/\/koiquestion.com\/wp-content\/uploads\/2026\/04\/WhatsApp-Image-2026-04-25-at-17.47.16-150x113.jpeg 150w, https:\/\/koiquestion.com\/wp-content\/uploads\/2026\/04\/WhatsApp-Image-2026-04-25-at-17.47.16-450x338.jpeg 450w, https:\/\/koiquestion.com\/wp-content\/uploads\/2026\/04\/WhatsApp-Image-2026-04-25-at-17.47.16-1200x900.jpeg 1200w, https:\/\/koiquestion.com\/wp-content\/uploads\/2026\/04\/WhatsApp-Image-2026-04-25-at-17.47.16-768x576.jpeg 768w, https:\/\/koiquestion.com\/wp-content\/uploads\/2026\/04\/WhatsApp-Image-2026-04-25-at-17.47.16-200x150.jpeg 200w\" sizes=\"(max-width: 2048px) 100vw, 2048px\" \/><\/p>\n<p>Quando parliamo con Geert, anche lui \u00e8 felicissimo. Si \u00e8 tenuta una cerimonia speciale per trasferire le Koi vincitrici in un recipiente speciale destinato a testimoniare il grande vincitore. Sem, mentre preparavo il mio workshop, era gi\u00e0 impegnato a fotografare e cos\u00ec ha scattato la sua prima foto da <abbr class='c2c-text-hover' title='de allerbeste Koi op een show'>Grand Champion<\/abbr> per <abbr class='c2c-text-hover' title='Beating Heart of the Nishikigoi Community'>KoiQuestion<\/abbr>, quella che vedete in questo articolo. Siamo quindi orgogliosi di questo giovane fotografo che da due anni sta imparando a padroneggiare la macchina fotografica.<\/p>\n","protected":false},"excerpt":{"rendered":"<p>Dainichi -&gt; Odakan -&gt; KoiPage -&gt; Geert Schrijvers Geert Schrijvers \u00e8 venuto, ha visto e conquistato. Dai Paesi Bassi ha portato a Cremona le sue Koi giapponesi. Il suo barile ha conquistato il primato con il Gran Campione A, il Gran Campione B e il Campione Supremo A. Questo non significa che negli altri barili<\/p>\n","protected":false},"author":39,"featured_media":70208,"comment_status":"closed","ping_status":"open","sticky":false,"template":"","format":"standard","meta":{"footnotes":""},"categories":[6546],"tags":[8215,6619,6591,7096],"series":[],"class_list":{"0":"post-70219","1":"post","2":"type-post","3":"status-publish","4":"format-standard","5":"has-post-thumbnail","7":"category-notizie","8":"tag-geert-schrijvers","9":"tag-kohaku-it","10":"tag-mostra-italiana-di-koi","11":"tag-odakan-it"},"_links":{"self":[{"href":"https:\/\/koiquestion.com\/it\/wp-json\/wp\/v2\/posts\/70219","targetHints":{"allow":["GET"]}}],"collection":[{"href":"https:\/\/koiquestion.com\/it\/wp-json\/wp\/v2\/posts"}],"about":[{"href":"https:\/\/koiquestion.com\/it\/wp-json\/wp\/v2\/types\/post"}],"author":[{"embeddable":true,"href":"https:\/\/koiquestion.com\/it\/wp-json\/wp\/v2\/users\/39"}],"replies":[{"embeddable":true,"href":"https:\/\/koiquestion.com\/it\/wp-json\/wp\/v2\/comments?post=70219"}],"version-history":[{"count":0,"href":"https:\/\/koiquestion.com\/it\/wp-json\/wp\/v2\/posts\/70219\/revisions"}],"wp:featuredmedia":[{"embeddable":true,"href":"https:\/\/koiquestion.com\/it\/wp-json\/wp\/v2\/media\/70208"}],"wp:attachment":[{"href":"https:\/\/koiquestion.com\/it\/wp-json\/wp\/v2\/media?parent=70219"}],"wp:term":[{"taxonomy":"category","embeddable":true,"href":"https:\/\/koiquestion.com\/it\/wp-json\/wp\/v2\/categories?post=70219"},{"taxonomy":"post_tag","embeddable":true,"href":"https:\/\/koiquestion.com\/it\/wp-json\/wp\/v2\/tags?post=70219"},{"taxonomy":"series","embeddable":true,"href":"https:\/\/koiquestion.com\/it\/wp-json\/wp\/v2\/series?post=70219"}],"curies":[{"name":"wp","href":"https:\/\/api.w.org\/{rel}","templated":true}]}}