{"id":65068,"date":"2024-09-30T17:14:19","date_gmt":"2024-09-30T15:14:19","guid":{"rendered":"https:\/\/koiquestion.com\/il-piu-giovane-gran-campione-di-sempre-nel-nome-di-pascal-vandercammen-a-wattrelos"},"modified":"2024-09-30T17:14:19","modified_gmt":"2024-09-30T15:14:19","slug":"il-piu-giovane-gran-campione-di-sempre-nel-nome-di-pascal-vandercammen-a-wattrelos","status":"publish","type":"post","link":"https:\/\/koiquestion.com\/it\/il-piu-giovane-gran-campione-di-sempre-nel-nome-di-pascal-vandercammen-a-wattrelos","title":{"rendered":"Il pi\u00f9 giovane Gran Campione di sempre nel nome di Pascal Vandercammen a Wattrelos"},"content":{"rendered":"<h2>Gran Campione Francia Koi show Les Amis Du Koi a Wattrelos 2024<\/h2>\n<p>\u00c8 venuto per l&#8217;atmosfera e il divertimento, ma ha vinto il primo premio. Pascal Vandercammen. Ha acquistato il <abbr class='c2c-text-hover' title='witte Koi met rode patronen'>Kohaku<\/abbr> come <abbr class='c2c-text-hover' title='in het tweede levensjaar'>nisai<\/abbr> pi\u00f9 piccolo tramite Filips Koi Shop da Ogata e ora misura 75 centimetri come <abbr class='c2c-text-hover' title='in het derde levensjaar'>sansai<\/abbr>. Il pesce sta crescendo in modo considerevole, ma non \u00e8 il gigante tra le <abbr class='c2c-text-hover' title='verzamelnaam voor Kohaku, Sanke en Showa'>gosanke<\/abbr> presenti alla mostra; tuttavia, riesce a conquistare i primi posti e nessun visitatore non \u00e8 d&#8217;accordo. La qualit\u00e0 si conclude con un bellissimo Maruzome <abbr class='c2c-text-hover' title='achterste begrenzing van een patroon'>Kiwa<\/abbr>. Questo esemplare si \u00e8 fatto notare per me. Il disegno \u00e8 super anche sulla Koi, ma anche il <abbr class='c2c-text-hover' title='rood pigment'>Beni<\/abbr> \u00e8 intenso e tutto sommato questo bicolore di Ogata \u00e8 di una qualit\u00e0 abbagliante. Pascal ha acquistato il pesce come <abbr class='c2c-text-hover' title='in het tweede levensjaar'>nisai<\/abbr> all&#8217;asta di Ogata.       <\/p>\n<figure id=\"attachment_63908\" aria-describedby=\"caption-attachment-63908\" style=\"width: 1536px\" class=\"wp-caption aligncenter\"><img fetchpriority=\"high\" decoding=\"async\" class=\"wp-image-63908 size-full\" src=\"https:\/\/koiquestion.com\/wp-content\/uploads\/2024\/09\/GC-Wattrelos-2024-scaled.jpeg\" alt=\"Il gran campione Wattrelos 2024 Ogata Kohaku \u00e8 di propriet\u00e0 di Pascal Vandercammen.\" width=\"1536\" height=\"2560\" srcset=\"https:\/\/koiquestion.com\/wp-content\/uploads\/2024\/09\/GC-Wattrelos-2024-scaled.jpeg 1536w, https:\/\/koiquestion.com\/wp-content\/uploads\/2024\/09\/GC-Wattrelos-2024-500x833.jpeg 500w, https:\/\/koiquestion.com\/wp-content\/uploads\/2024\/09\/GC-Wattrelos-2024-700x1167.jpeg 700w, https:\/\/koiquestion.com\/wp-content\/uploads\/2024\/09\/GC-Wattrelos-2024-921x1536.jpeg 921w, https:\/\/koiquestion.com\/wp-content\/uploads\/2024\/09\/GC-Wattrelos-2024-1229x2048.jpeg 1229w, https:\/\/koiquestion.com\/wp-content\/uploads\/2024\/09\/GC-Wattrelos-2024-150x250.jpeg 150w, https:\/\/koiquestion.com\/wp-content\/uploads\/2024\/09\/GC-Wattrelos-2024-450x750.jpeg 450w, https:\/\/koiquestion.com\/wp-content\/uploads\/2024\/09\/GC-Wattrelos-2024-1200x2000.jpeg 1200w, https:\/\/koiquestion.com\/wp-content\/uploads\/2024\/09\/GC-Wattrelos-2024-768x1280.jpeg 768w, https:\/\/koiquestion.com\/wp-content\/uploads\/2024\/09\/GC-Wattrelos-2024-120x200.jpeg 120w\" sizes=\"(max-width: 1536px) 100vw, 1536px\" \/><figcaption id=\"caption-attachment-63908\" class=\"wp-caption-text\">Il gran campione Wattrelos 2024 Ogata <abbr class='c2c-text-hover' title='witte Koi met rode patronen'>Kohaku<\/abbr> \u00e8 di propriet\u00e0 di Pascal Vandercammen.<\/figcaption><\/figure>\n<p>Pascal Vandercammen ha acquistato il pesce come <abbr class='c2c-text-hover' title='in het tweede levensjaar'>nisai<\/abbr> all&#8217;asta e ora \u00e8 solo <abbr class='c2c-text-hover' title='in het derde levensjaar'>sansai<\/abbr>. Quindi c&#8217;\u00e8 ancora molto da aspettarsi da questo giovane Ogata <abbr class='c2c-text-hover' title='witte Koi met rode patronen'>Kohaku<\/abbr> e, per quanto ne so, \u00e8 la pi\u00f9 giovane <abbr class='c2c-text-hover' title='de allerbeste Koi op een show'>Grand Champion<\/abbr> Koi in una mostra non dedicata alle giovani Koi in Europa. Anche lo <abbr class='c2c-text-hover' title='witte huid'>shiroji<\/abbr> di questo pesce \u00e8 particolarmente bello e forte. Questa Koi migliorer\u00e0 di molto crescendo di altri due o tre anni o sar\u00e0 gi\u00e0 al di sopra delle aspettative? Questo lo lasciamo decidere a Pascal; per ora pu\u00f2 godersi la sua vittoria. Le congratulazioni vanno anche a Filip Saerens del Filips Koi Shop in Belgio, responsabile della gestione della Koi.     <\/p>\n<figure id=\"attachment_63916\" aria-describedby=\"caption-attachment-63916\" style=\"width: 1536px\" class=\"wp-caption aligncenter\"><img decoding=\"async\" class=\"wp-image-63916 size-full\" src=\"https:\/\/koiquestion.com\/wp-content\/uploads\/2024\/09\/Grand-Champion-Wattrelos-2024-scaled.jpeg\" alt=\"Il gran campione Wattrelos 2024 Ogata Kohaku \u00e8 di propriet\u00e0 di Pascal Vandercammen.\" width=\"1536\" height=\"2560\" srcset=\"https:\/\/koiquestion.com\/wp-content\/uploads\/2024\/09\/Grand-Champion-Wattrelos-2024-scaled.jpeg 1536w, https:\/\/koiquestion.com\/wp-content\/uploads\/2024\/09\/Grand-Champion-Wattrelos-2024-500x833.jpeg 500w, https:\/\/koiquestion.com\/wp-content\/uploads\/2024\/09\/Grand-Champion-Wattrelos-2024-700x1167.jpeg 700w, https:\/\/koiquestion.com\/wp-content\/uploads\/2024\/09\/Grand-Champion-Wattrelos-2024-922x1536.jpeg 922w, https:\/\/koiquestion.com\/wp-content\/uploads\/2024\/09\/Grand-Champion-Wattrelos-2024-1229x2048.jpeg 1229w, https:\/\/koiquestion.com\/wp-content\/uploads\/2024\/09\/Grand-Champion-Wattrelos-2024-150x250.jpeg 150w, https:\/\/koiquestion.com\/wp-content\/uploads\/2024\/09\/Grand-Champion-Wattrelos-2024-450x750.jpeg 450w, https:\/\/koiquestion.com\/wp-content\/uploads\/2024\/09\/Grand-Champion-Wattrelos-2024-1200x2000.jpeg 1200w, https:\/\/koiquestion.com\/wp-content\/uploads\/2024\/09\/Grand-Champion-Wattrelos-2024-768x1280.jpeg 768w, https:\/\/koiquestion.com\/wp-content\/uploads\/2024\/09\/Grand-Champion-Wattrelos-2024-120x200.jpeg 120w\" sizes=\"(max-width: 1536px) 100vw, 1536px\" \/><figcaption id=\"caption-attachment-63916\" class=\"wp-caption-text\">Il gran campione Wattrelos 2024 Ogata <abbr class='c2c-text-hover' title='witte Koi met rode patronen'>Kohaku<\/abbr> \u00e8 di propriet\u00e0 di Pascal Vandercammen.<\/figcaption><\/figure>\n<p>Conoscevamo gi\u00e0 Pascal Vandercammen dall&#8217;Euregio Koi Show, dove lo abbiamo intervistato quando ha vinto anche il titolo di <abbr class='c2c-text-hover' title='de allerbeste Koi op een show'>Grand Champion<\/abbr>. Questo \u00e8 il suo terzo titolo di <abbr class='c2c-text-hover' title='de allerbeste Koi op een show'>Grand Champion<\/abbr> come hobbista. Ad Affligem, l&#8217;allevatore era <abbr class='c2c-text-hover' title='Een van de grootste en meest succesvolle kwekers in Japan'>Sakai Fish Farm<\/abbr>, ora \u00e8 Ogata. L&#8217;anno scorso, in occasione di un altro Koi Show in Francia, ha vinto il suo primo <abbr class='c2c-text-hover' title='de allerbeste Koi op een show'>Grand Champion<\/abbr>. Di proposito, per questa mostra aveva portato altri pesci che non avevano nuotato ad Affligem. In questo modo ha dimostrato di avere un&#8217;ampia qualit\u00e0 come hobbista e di essere in grado di mostrare i suoi pesci in buona forma sia all&#8217;inizio della stagione che alla fine.     <\/p>\n<h3>Vedi anche: <a href=\"https:\/\/koiquestion.com\/it\/dynamiet-in-affligem-pascal-vandercammen-si-e-laureato-campione-belga-zna-koi-show\">Intervista a Pascal Vandercammen Gran Campione Euregio Koi Show <\/a> <\/h3>\n<figure id=\"attachment_63946\" aria-describedby=\"caption-attachment-63946\" style=\"width: 2048px\" class=\"wp-caption aligncenter\"><img decoding=\"async\" class=\"size-full wp-image-63946\" src=\"https:\/\/koiquestion.com\/wp-content\/uploads\/2024\/09\/461192980_8319868254773597_8459941552560477331_n.jpg\" alt=\"Pascal Vandercammen (a sinistra) e Filip Saerens alla botte del Grande Campione\" width=\"2048\" height=\"2048\" srcset=\"https:\/\/koiquestion.com\/wp-content\/uploads\/2024\/09\/461192980_8319868254773597_8459941552560477331_n.jpg 2048w, https:\/\/koiquestion.com\/wp-content\/uploads\/2024\/09\/461192980_8319868254773597_8459941552560477331_n-500x500.jpg 500w, https:\/\/koiquestion.com\/wp-content\/uploads\/2024\/09\/461192980_8319868254773597_8459941552560477331_n-700x700.jpg 700w, https:\/\/koiquestion.com\/wp-content\/uploads\/2024\/09\/461192980_8319868254773597_8459941552560477331_n-350x350.jpg 350w, https:\/\/koiquestion.com\/wp-content\/uploads\/2024\/09\/461192980_8319868254773597_8459941552560477331_n-1536x1536.jpg 1536w, https:\/\/koiquestion.com\/wp-content\/uploads\/2024\/09\/461192980_8319868254773597_8459941552560477331_n-150x150.jpg 150w, https:\/\/koiquestion.com\/wp-content\/uploads\/2024\/09\/461192980_8319868254773597_8459941552560477331_n-450x450.jpg 450w, https:\/\/koiquestion.com\/wp-content\/uploads\/2024\/09\/461192980_8319868254773597_8459941552560477331_n-1200x1200.jpg 1200w, https:\/\/koiquestion.com\/wp-content\/uploads\/2024\/09\/461192980_8319868254773597_8459941552560477331_n-768x768.jpg 768w, https:\/\/koiquestion.com\/wp-content\/uploads\/2024\/09\/461192980_8319868254773597_8459941552560477331_n-200x200.jpg 200w\" sizes=\"(max-width: 2048px) 100vw, 2048px\" \/><figcaption id=\"caption-attachment-63946\" class=\"wp-caption-text\">Pascal Vandercammen (a sinistra) Gran Campione Wattrelos 2024 e Filip Saerens alla botte del Gran Campione<\/figcaption><\/figure>\n","protected":false},"excerpt":{"rendered":"<p>Gran Campione Francia Koi show Les Amis Du Koi a Wattrelos 2024 \u00c8 venuto per l&#8217;atmosfera e il divertimento, ma ha vinto il primo premio. Pascal Vandercammen. Ha acquistato il <abbr class='c2c-text-hover' title='witte Koi met rode patronen'>Kohaku<\/abbr> come <abbr class='c2c-text-hover' title='in het tweede levensjaar'>nisai<\/abbr> pi\u00f9 piccolo tramite Filips Koi Shop da Ogata e ora misura 75 centimetri come <abbr class='c2c-text-hover' title='in het derde levensjaar'>sansai<\/abbr>. Il pesce sta crescendo in modo considerevole,<\/p>\n","protected":false},"author":39,"featured_media":63944,"comment_status":"closed","ping_status":"open","sticky":false,"template":"","format":"image","meta":{"footnotes":""},"categories":[6569,6567],"tags":[6671,7241,6618,6619,7240,7242,7239],"series":[],"class_list":{"0":"post-65068","1":"post","2":"type-post","3":"status-publish","4":"format-image","5":"has-post-thumbnail","7":"category-gran-campione","8":"category-notizie-sulla-mostra-koi","9":"tag-france-koi-show-it","10":"tag-gli-amici-di-koi","11":"tag-gran-campione","12":"tag-kohaku-it","13":"tag-ogata-it","14":"tag-pascal-vandercammen-it","15":"tag-sansai-it","16":"post_format-post-format-image"},"_links":{"self":[{"href":"https:\/\/koiquestion.com\/it\/wp-json\/wp\/v2\/posts\/65068","targetHints":{"allow":["GET"]}}],"collection":[{"href":"https:\/\/koiquestion.com\/it\/wp-json\/wp\/v2\/posts"}],"about":[{"href":"https:\/\/koiquestion.com\/it\/wp-json\/wp\/v2\/types\/post"}],"author":[{"embeddable":true,"href":"https:\/\/koiquestion.com\/it\/wp-json\/wp\/v2\/users\/39"}],"replies":[{"embeddable":true,"href":"https:\/\/koiquestion.com\/it\/wp-json\/wp\/v2\/comments?post=65068"}],"version-history":[{"count":0,"href":"https:\/\/koiquestion.com\/it\/wp-json\/wp\/v2\/posts\/65068\/revisions"}],"wp:featuredmedia":[{"embeddable":true,"href":"https:\/\/koiquestion.com\/it\/wp-json\/wp\/v2\/media\/63944"}],"wp:attachment":[{"href":"https:\/\/koiquestion.com\/it\/wp-json\/wp\/v2\/media?parent=65068"}],"wp:term":[{"taxonomy":"category","embeddable":true,"href":"https:\/\/koiquestion.com\/it\/wp-json\/wp\/v2\/categories?post=65068"},{"taxonomy":"post_tag","embeddable":true,"href":"https:\/\/koiquestion.com\/it\/wp-json\/wp\/v2\/tags?post=65068"},{"taxonomy":"series","embeddable":true,"href":"https:\/\/koiquestion.com\/it\/wp-json\/wp\/v2\/series?post=65068"}],"curies":[{"name":"wp","href":"https:\/\/api.w.org\/{rel}","templated":true}]}}